{"id":3186,"date":"2026-03-04T23:17:52","date_gmt":"2026-03-04T22:17:52","guid":{"rendered":"https:\/\/www.kud-belec.hr\/kud_web\/?p=3186"},"modified":"2026-03-04T23:17:52","modified_gmt":"2026-03-04T22:17:52","slug":"stigli-rezultati-djecje-smotre","status":"publish","type":"post","link":"https:\/\/www.kud-belec.hr\/kud_web\/stigli-rezultati-djecje-smotre\/","title":{"rendered":"Stigli rezultati dje\u010dje smotre"},"content":{"rendered":"\n<p>Nakon 30. smotre dje\u010djeg folklora odr\u017eane u subotu, 28. velja\u010de 2026., stru\u010dni \u017eiri dao je osvrt na nastupe te proglasio pobjednika. <\/p>\n\n\n\n<p>Na ovogodi\u0161njoj smotri ocijenjeni smo kao najuspje\u0161niji u folklornoj gra\u0111i Hrvatskog zagorja. Naime, starija dje\u010dja sekcija progla\u0161ena je najboljom u svojoj kategoriji s izvrsnim osvrtom stru\u010dnog \u017eirija, a mla\u0111a dje\u010dja sekcija tako\u0111er je dobila odli\u010dne kritike.<\/p>\n\n\n\n<p>Ovim rezultatom nastavljamo odli\u010dan niz, u posljednjih pet godina \u010dak smo \u010detiri puta bili najuspje\u0161niji, dok smo jedne godine nastupili revijalno.<\/p>\n\n\n\n<p>\u010cestitke na\u0161im malim folklora\u0161ima i njihovim voditeljicama koji s ponosom \u010duvaju zagorsku tradiciju. Tako\u0111er, \u010destitke i ostalim najuspje\u0161nijima.<\/p>\n","protected":false},"excerpt":{"rendered":"<p>Nakon 30. smotre dje\u010djeg folklora odr\u017eane u subotu, 28. velja\u010de 2026., stru\u010dni \u017eiri dao je osvrt na nastupe te proglasio pobjednika. Na ovogodi\u0161njoj smotri ocijenjeni smo kao najuspje\u0161niji u folklornoj gra\u0111i Hrvatskog zagorja. Naime, starija dje\u010dja sekcija progla\u0161ena je najboljom u svojoj kategoriji s izvrsnim osvrtom stru\u010dnog \u017eirija, a mla\u0111a dje\u010dja sekcija tako\u0111er je dobila odli\u010dne kritike. Ovim rezultatom nastavljamo odli\u010dan niz, u posljednjih pet godina \u010dak smo \u010detiri puta bili najuspje\u0161niji, dok smo jedne godine nastupili revijalno. \u010cestitke na\u0161im malim folklora\u0161ima i njihovim voditeljicama koji s ponosom \u010duvaju zagorsku tradiciju. Tako\u0111er, \u010destitke i ostalim najuspje\u0161nijima.<\/p>\n","protected":false},"author":1001005,"featured_media":3160,"comment_status":"closed","ping_status":"closed","sticky":false,"template":"","format":"standard","meta":[],"categories":[16,5],"tags":[],"_links":{"self":[{"href":"https:\/\/www.kud-belec.hr\/kud_web\/wp-json\/wp\/v2\/posts\/3186"}],"collection":[{"href":"https:\/\/www.kud-belec.hr\/kud_web\/wp-json\/wp\/v2\/posts"}],"about":[{"href":"https:\/\/www.kud-belec.hr\/kud_web\/wp-json\/wp\/v2\/types\/post"}],"author":[{"embeddable":true,"href":"https:\/\/www.kud-belec.hr\/kud_web\/wp-json\/wp\/v2\/users\/1001005"}],"replies":[{"embeddable":true,"href":"https:\/\/www.kud-belec.hr\/kud_web\/wp-json\/wp\/v2\/comments?post=3186"}],"version-history":[{"count":2,"href":"https:\/\/www.kud-belec.hr\/kud_web\/wp-json\/wp\/v2\/posts\/3186\/revisions"}],"predecessor-version":[{"id":3188,"href":"https:\/\/www.kud-belec.hr\/kud_web\/wp-json\/wp\/v2\/posts\/3186\/revisions\/3188"}],"wp:featuredmedia":[{"embeddable":true,"href":"https:\/\/www.kud-belec.hr\/kud_web\/wp-json\/wp\/v2\/media\/3160"}],"wp:attachment":[{"href":"https:\/\/www.kud-belec.hr\/kud_web\/wp-json\/wp\/v2\/media?parent=3186"}],"wp:term":[{"taxonomy":"category","embeddable":true,"href":"https:\/\/www.kud-belec.hr\/kud_web\/wp-json\/wp\/v2\/categories?post=3186"},{"taxonomy":"post_tag","embeddable":true,"href":"https:\/\/www.kud-belec.hr\/kud_web\/wp-json\/wp\/v2\/tags?post=3186"}],"curies":[{"name":"wp","href":"https:\/\/api.w.org\/{rel}","templated":true}]}}